{"id":994,"date":"2020-08-10T22:59:31","date_gmt":"2020-08-11T04:59:31","guid":{"rendered":"http:\/\/reseauhem.mx\/?p=994"},"modified":"2020-08-10T22:59:41","modified_gmt":"2020-08-11T04:59:41","slug":"johnny-fulgencio-candidat-a-consuelo-san-pedro-de-macoris-rd-ou-h-o-fetera-t-il-ses-49-ans-a","status":"publish","type":"post","link":"http:\/\/reseauhem.mx\/?p=994","title":{"rendered":"Johnny Fulgencio Candidat \u00e0 Consuelo San Pedro de Macoris RD ou H-O F\u00eatera-t-il ses 49 ans \u00e0&#8230;."},"content":{"rendered":"<p style=\"text-align: left;\"><span style=\"color: #000000;\"><strong>DIPLOMATIE INTERNATIONALE &amp; SOCI\u00c9T\u00c9 <\/strong><em><a href=\"mailto:dan.albertini@reseauhem.ca\">par Dan Albertini<\/a><\/em><\/span><\/p>\n<ul>\n<li><strong><em>Johnny Fulgencio Candidat \u00e0 <\/em><\/strong><strong>Consuelo San Pedro de Macoris RD<\/strong><strong>OU H-O F\u00caTERA-T-IL SES 49 ANS \u00c0 CONSUELITO\u00a0?<\/strong><em>Entre (), \u00e0 quand les prochaines \u00e9lections municipales (Ha\u00efti), l\u2019<strong>ONU <\/strong>est en \u00e9chec. Fermons ().<\/em><em>\u00a0<\/em><\/li>\n<\/ul>\n<p><strong>N<\/strong>ous sommes \u00e0 <em>deux pas<\/em> du mois de f\u00e9vrier o\u00f9 le 16 de ce m\u00eame mois, et \u00e0 plus de deux pas de la fronti\u00e8re ha\u00eftienne, un candidat gagnera les joutes municipales \u00e0 Consuelo San Pedro de Macoris RD. Johnny Fulgencio sera-t-il \u00e0 nouveau le nouveau <em>municipio<\/em> de cette contr\u00e9e qui renferme une population ha\u00eftienne, et surtout dans le Batey de Consuelito, qu\u2019est-ce qui va changer pour la population locale\u00a0? Le candidat d\u00e9non\u00e7ait l\u2019expropriation de citoyen r\u00e9alis\u00e9e en faveur de fraternit\u00e9 politique pour un r\u00e9gime agraire facilitant et favorisant les plus riches seulement\u00a0? Ses liens \u00e9troits avec le candidat des pr\u00e9sidentielles (RD), Luis Rodolfo Abinader Corona en l\u2019occurrence. Cela va-t-il favoriser la reprise des commandes de cette municipalit\u00e9 par le candidat qui accompagnait les citoyens, m\u00eame en n\u2019\u00e9tant plus maire de la localit\u00e9\u00a0? Les Ha\u00eftiens de la RD connaissent-ils cette zone, c\u2019est une histoire qui nous concerne, \u00e0 <strong>H-O<\/strong>.<\/p>\n<p><img loading=\"lazy\" decoding=\"async\" class=\"size-medium wp-image-4469 alignleft\" src=\"http:\/\/reseauhem.mx\/wp-content\/uploads\/2020\/08\/HO29janvier2020fulgencio2-209x300-1.jpg\" sizes=\"auto, (max-width: 209px) 100vw, 209px\" alt=\"\" width=\"209\" height=\"300\" \/>Ha\u00efti-Observateur a d\u00e9j\u00e0 publi\u00e9 <em>moult<\/em> articles sur le sujet Fulgencio\/Abinader, certes. <strong>Johnny<\/strong> a d\u00e9j\u00e0 arrang\u00e9 une rencontre entre le candidat Abinader et l\u2019\u00e9dition\/journaliste, vers 2018, \u00e0 la clinique Jacques Viau. Le dossier a \u00e9volu\u00e9 depuis et les joutes sont officielles aujourd\u2019hui. De f\u00e9vrier \u00e0 juin 2020 pour les pr\u00e9sidentielles.<\/p>\n<p><strong>H-O<\/strong> n\u2019est pas en terrain inconnu pour plus d\u2019une raison\u00a0: L\u00e9o y a d\u00e9j\u00e0 v\u00e9cu dans sa jeunesse, avec son fr\u00e8re Ray. Il y a aussi la nouveaut\u00e9 JC Valbrun qui a fait na\u00eetre l\u2019int\u00e9r\u00eat bien plus profond et qui nous a fait d\u00e9couvrir le fin fond d\u2019un Batey par l\u2019\u00e9rection d\u2019une clinique (Jacques Viau \u00e0 Consuelito). Johnny Fulgencio a \u00e9t\u00e9 celui qui a facilit\u00e9 l\u2019acquisition des titres de propri\u00e9t\u00e9 et du d\u00e9veloppement du projet de la clinique m\u00e9dicale pour qui les citoyens de la zone (<em>ha\u00eftiens<\/em>) trouvaient un espoir de modernisation, de s\u00e9curisation de la sant\u00e9 comme acquis. L\u2019\u00c9tat dominicain en a tenu compte d\u00e8s lors, m\u00eame avec une certaine nonchalance dans les services offerts. Le voisinage \u00e9loign\u00e9 dans les ann\u00e9es huitante m\u2019avait offert tout un panorama de la r\u00e9alit\u00e9 des Ha\u00eftiens \u00e0 Haina, avec la famille Cuello. Je lance d\u2019ores et d\u00e9j\u00e0 l\u2019invitation \u00e0 tous les amis d\u2019<strong>H-O<\/strong>, m\u00eame \u00e0 nos critiques\u00a0: <strong><em>cap sur Consuelo en juillet.<\/em><\/strong><\/p>\n<p><em>Note de circonstance\u00a0: les consuelenses\u00a0f\u00eatent Sainte-Anne le 26 juillet. Consuelo est 1 district municipal de 31M habitant sur 132Km<sup>2<\/sup>. Il y a au sud le Batey Atilano, province San Pedro de Macoris, d\u2019un bord, et non loin, Boca Chica (l\u00e0 o\u00f9 a grandi le fils naturel de Roger Lafontant, Amos Dubois Cherfils qui a cr\u00e9\u00e9 SOS-Cri d\u2019enfant \u00e0 Pignon) \u00e0 la sortie de Santo-Domingo \u00e0 l\u2019oppos\u00e9 de San Cristobal. Verrons-nous Abinader\u00a0? Le parcours est \u00e0 la hauteur de l\u2019\u00e9motion avec une semaine de conf\u00e9rences th\u00e9matiques et une visite \u00e0 Consuelito dans le viseur.<\/em><\/p>\n<p>Si certains jurent sur une victoire Fulgencio le 16 f\u00e9vrier prochain, je souhaite de mon c\u00f4t\u00e9 la victoire \u00e0 Johnny Fulgencio. J\u2019ai propos\u00e9 l\u2019organisation de ce voyage organis\u00e9 \u00e0 l\u2019occasion du <strong>49<sup>e<\/sup><\/strong> anniversaire de <strong>H-O<\/strong>, \u00e0 San Pedro de Macoris afin de pr\u00e9parer et de lancer les festivit\u00e9s du <strong>50<sup>e<\/sup><\/strong> de <strong>H-O<\/strong>, sous la th\u00e9matique<em>\u00a0: <strong>libert\u00e9 d\u2019expression et presse internationale ha\u00eftienne<\/strong>\u00a0!<\/em><\/p>\n<hr \/>\n<p>Cet article est publi\u00e9 par l\u2019hebdomadaire Ha\u00efti-Observateur, \u00e9dition du 29 janvier 2020\u00a0<strong>VOL. L, No. 4\u00a0<\/strong>New York, et se trouve en\u00a0<strong>P. 12<\/strong>\u00a0\u00e0 : <a href=\"http:\/\/haiti-observateur.ca\/wp-content\/uploads\/2020\/01\/H-O-29-janvier-2020.pdf\">http:\/\/haiti-observateur.ca\/wp-content\/uploads\/2020\/01\/H-O-29-janvier-2020.pdf<\/a><\/p>\n","protected":false},"excerpt":{"rendered":"<p>DIPLOMATIE INTERNATIONALE &amp; SOCI\u00c9T\u00c9 par Dan Albertini Johnny Fulgencio Candidat \u00e0 Consuelo San Pedro de Macoris RDOU H-O F\u00caTERA-T-IL SES 49 ANS \u00c0 CONSUELITO\u00a0?Entre (), \u00e0 quand les prochaines \u00e9lections municipales (Ha\u00efti), l\u2019ONU est en \u00e9chec. Fermons ().\u00a0 Nous sommes \u00e0 deux pas du mois de f\u00e9vrier o\u00f9 le 16 de ce m\u00eame mois, et \u00e0 plus de deux pas de la fronti\u00e8re ha\u00eftienne, un candidat gagnera les joutes municipales \u00e0 Consuelo San Pedro de Macoris RD. Johnny Fulgencio sera-t-il \u00e0 nouveau le nouveau municipio de cette contr\u00e9e qui renferme&#8230; <\/p>\n","protected":false},"author":1,"featured_media":996,"comment_status":"closed","ping_status":"closed","sticky":false,"template":"","format":"standard","meta":{"footnotes":""},"categories":[175,16,8],"tags":[257,48,256,258,252,259,119],"class_list":["post-994","post","type-post","status-publish","format-standard","has-post-thumbnail","hentry","category-danalbertini","category-dies","category-rd","tag-batey","tag-consuelo","tag-dan-albertni","tag-fulgencio","tag-h-o","tag-johnny","tag-san-pedro-de-macoris"],"_links":{"self":[{"href":"http:\/\/reseauhem.mx\/index.php?rest_route=\/wp\/v2\/posts\/994","targetHints":{"allow":["GET"]}}],"collection":[{"href":"http:\/\/reseauhem.mx\/index.php?rest_route=\/wp\/v2\/posts"}],"about":[{"href":"http:\/\/reseauhem.mx\/index.php?rest_route=\/wp\/v2\/types\/post"}],"author":[{"embeddable":true,"href":"http:\/\/reseauhem.mx\/index.php?rest_route=\/wp\/v2\/users\/1"}],"replies":[{"embeddable":true,"href":"http:\/\/reseauhem.mx\/index.php?rest_route=%2Fwp%2Fv2%2Fcomments&post=994"}],"version-history":[{"count":2,"href":"http:\/\/reseauhem.mx\/index.php?rest_route=\/wp\/v2\/posts\/994\/revisions"}],"predecessor-version":[{"id":999,"href":"http:\/\/reseauhem.mx\/index.php?rest_route=\/wp\/v2\/posts\/994\/revisions\/999"}],"wp:featuredmedia":[{"embeddable":true,"href":"http:\/\/reseauhem.mx\/index.php?rest_route=\/wp\/v2\/media\/996"}],"wp:attachment":[{"href":"http:\/\/reseauhem.mx\/index.php?rest_route=%2Fwp%2Fv2%2Fmedia&parent=994"}],"wp:term":[{"taxonomy":"category","embeddable":true,"href":"http:\/\/reseauhem.mx\/index.php?rest_route=%2Fwp%2Fv2%2Fcategories&post=994"},{"taxonomy":"post_tag","embeddable":true,"href":"http:\/\/reseauhem.mx\/index.php?rest_route=%2Fwp%2Fv2%2Ftags&post=994"}],"curies":[{"name":"wp","href":"https:\/\/api.w.org\/{rel}","templated":true}]}}